{"id":253,"date":"2026-04-16T08:20:02","date_gmt":"2026-04-16T06:20:02","guid":{"rendered":"https:\/\/mabiala.com\/?p=253"},"modified":"2026-04-16T08:45:07","modified_gmt":"2026-04-16T06:45:07","slug":"253","status":"publish","type":"post","link":"https:\/\/mabiala.com\/en\/2026\/04\/16\/253\/","title":{"rendered":"La charge mentale est-elle exclusivement f\u00e9minine ? Qu\u2019est-ce que c\u2019est en r\u00e9alit\u00e9 ?"},"content":{"rendered":"<p>La charge mentale est-elle exclusivement f\u00e9minine ?<\/p>\n<p>C&rsquo;est la question que beaucoup se posent. Et c&rsquo;est une\/la bonne question.<\/p>\n<p>Certains diront oui. D&rsquo;autres non. La v\u00e9rit\u00e9 est plus nuanc\u00e9e, plus pr\u00e9cise, et plus int\u00e9ressante que les deux r\u00e9ponses. Mais avant d&rsquo;y arriver, il faut d&rsquo;abord comprendre ce dont on parle. Parce que la charge mentale est l&rsquo;un de ces concepts dont tout le monde a entendu parler, mais que peu de gens ont vraiment d\u00e9fini.<\/p>\n<p>Commen\u00e7ons donc par le commencement.<\/p>\n<h2>Ce que la charge mentale n&rsquo;est pas<\/h2>\n<p>Ce n&rsquo;est pas faire les t\u00e2ches m\u00e9nag\u00e8res.<\/p>\n<p>C&rsquo;est important de le dire clairement, parce que c&rsquo;est souvent la premi\u00e8re image qui vient. La femme qui nettoie, qui cuisine, qui s&rsquo;occupe des enfants. Ces t\u00e2ches existent. Mais elles ne sont pas la charge mentale. Elles sont visibles, mesurables, et en th\u00e9orie r\u00e9partissables. La charge mentale, elle, est autre chose.<\/p>\n<p>Ci-apr\u00e8s, la diff\u00e9rence. Faire la lessive, c&rsquo;est une t\u00e2che. Penser \u00e0 v\u00e9rifier s&rsquo;il reste de la lessive, quand en racheter, quelle marque convient aux peaux sensibles des enfants, et noter \u00e7a mentalement pour ne pas l&rsquo;oublier, c&rsquo;est de la charge mentale.<\/p>\n<p>Ce n&rsquo;est pas le temps pass\u00e9 \u00e0 s&rsquo;occuper du foyer. On peut passer deux heures \u00e0 faire les courses et ne porter aucune charge mentale, si quelqu&rsquo;un d&rsquo;autre a pens\u00e9 \u00e0 la liste, v\u00e9rifi\u00e9 ce qui manquait, anticip\u00e9 les repas de la semaine et d\u00e9cid\u00e9 quoi acheter.<\/p>\n<p>Ce n&rsquo;est pas du stress ou de la fatigue. Le stress est une r\u00e9action \u00e0 une situation pr\u00e9cise. La fatigue se r\u00e9cup\u00e8re avec du repos. La charge mentale, elle, ne s&rsquo;arr\u00eate pas quand on ferme les yeux. Elle continue de tourner.<\/p>\n<p>Ce n&rsquo;est pas un manque d&rsquo;organisation personnelle. Les femmes les mieux organis\u00e9es que je connaisse portent une charge mentale consid\u00e9rable. L&rsquo;organisation ne la supprime pas. Elle la g\u00e8re, tout au plus.<\/p>\n<p>Ce n&rsquo;est pas une simple charge \u00e9motionnelle. Elle est cognitive avant d&rsquo;\u00eatre \u00e9motionnelle. Elle mobilise des fonctions pr\u00e9cises du cerveau tels que la m\u00e9moire de travail, la planification, l&rsquo;anticipation, la prise de d\u00e9cision. Des ressources mentales r\u00e9elles et limit\u00e9es.<\/p>\n<p>Ce n&rsquo;est pas une question de volont\u00e9 individuelle. On ne choisit pas de la porter. On se retrouve \u00e0 la porter parce que personne d&rsquo;autre ne le fait, et parce que les cons\u00e9quences de ne pas le faire sont trop lourdes.<\/p>\n<p>Et ce n&rsquo;est pas une fatalit\u00e9. M\u00eame si \u00e7a d\u00e9pend de l&rsquo;angle de vue. Mais nous y reviendrons.<\/p>\n<h2>Alors, qu&rsquo;est-ce que c&rsquo;est vraiment ?<\/h2>\n<p>La charge mentale, c&rsquo;est le travail cognitif invisible li\u00e9 \u00e0 la gestion et \u00e0 la coordination de la vie domestique et familiale. Ni plus, ni moins.<\/p>\n<p>Ce n&rsquo;est pas faire les choses.<\/p>\n<p>C&rsquo;est penser \u00e0 tout ce qu&rsquo;il faut faire, qui doit le faire, quand, comment, et s&rsquo;assurer que c&rsquo;est bien fait.<\/p>\n<p>La diff\u00e9rence est fondamentale. Et elle est souvent mal comprise.<\/p>\n<p>Prenons un exemple pour illustrer.<\/p>\n<p>Arauld et Irma sont en couple. Ils ont deux enfants. Arauld fait la vaisselle tous les soirs. Il sort les poubelles. Il s&rsquo;occupe des enfants le samedi matin. Il est, selon tous les standards visibles, un partenaire impliqu\u00e9.<\/p>\n<p>Mais voil\u00e0 ce qu&rsquo;Irma sait, et qu&rsquo;Arauld ne sait pas.<\/p>\n<p>Elle sait que les chaussures du petit sont trop petites et qu&rsquo;il faut en acheter avant jeudi parce qu&rsquo;il a une sortie scolaire. Elle sait que le m\u00e9decin a recommand\u00e9 un rappel vaccinal \u00e0 faire avant l&rsquo;\u00e9t\u00e9. Elle sait que la f\u00eate d&rsquo;anniversaire de la meilleure amie de leur fille est dans trois semaines et qu&rsquo;il faudra pr\u00e9voir un cadeau. Elle sait que le stock de m\u00e9dicaments de base est \u00e9puis\u00e9. Elle sait que la grand-m\u00e8re appelle tous les dimanches et qu&rsquo;elle attend des nouvelles des enfants. Elle sait que l&rsquo;\u00e9cole a chang\u00e9 ses horaires de cantine. Elle sait que le pantalon de leur fille a une d\u00e9chirure qu&rsquo;elle n&rsquo;a pas encore eu le temps de r\u00e9parer.<\/p>\n<p>Arauld ne sait pas tout \u00e7a. Pas parce qu&rsquo;il ne s&rsquo;en pr\u00e9occupe pas. Mais parce qu&rsquo;il n&rsquo;est pas en charge de le savoir.<\/p>\n<p>Arauld est un bon partenaire. Il fait sa part. Mais c&rsquo;est Irma qui sait quelle est la part de chacun. Et cette asym\u00e9trie-l\u00e0 ne se voit pas dans un partage des t\u00e2ches.<\/p>\n<p>C&rsquo;est \u00e7a, la charge mentale. Ce n&rsquo;est pas la vaisselle. C&rsquo;est la gestion du syst\u00e8me dans sa globalit\u00e9. C&rsquo;est \u00eatre le cerveau op\u00e9rationnel du foyer, en permanence, en parall\u00e8le de tout le reste.<\/p>\n<blockquote><p>La charge mentale, ce n&rsquo;est pas faire. C&rsquo;est penser \u00e0 tout ce qu&rsquo;il faut faire. Tout le temps. M\u00eame en r\u00e9union. M\u00eame en vacances. M\u00eame \u00e0 3h du matin parfois.<\/p><\/blockquote>\n<h2>Pourquoi elle est f\u00e9minine<\/h2>\n<p>Revenons maintenant \u00e0 notre question de d\u00e9part. La charge mentale est-elle exclusivement f\u00e9minine ?<\/p>\n<p>Non. Les hommes peuvent porter une charge mentale. Certains la portent. Et dans des configurations familiales o\u00f9 les r\u00f4les sont diff\u00e9rents, elle peut se r\u00e9partir autrement.<\/p>\n<p>Mais dans la r\u00e9alit\u00e9 que documentent des d\u00e9cennies de recherches en sociologie, en psychologie et en sciences du travail, la charge mentale est port\u00e9e de fa\u00e7on \u00e9crasante par les femmes. Pas parce qu&rsquo;elles y seraient pr\u00e9dispos\u00e9es biologiquement. Parce que la soci\u00e9t\u00e9 les y a conditionn\u00e9es, voire contraintes, depuis l&rsquo;enfance.<\/p>\n<p>C&rsquo;est l\u00e0 qu&rsquo;est la cl\u00e9.<\/p>\n<p>Pensez \u00e0 la fa\u00e7on dont on \u00e9l\u00e8ve les filles et les gar\u00e7ons. On apprend aux filles \u00e0 anticiper, \u00e0 prendre soin, \u00e0 penser aux autres, \u00e0 ne pas laisser les choses sans responsable. On leur apprend \u00e0 remarquer quand il manque quelque chose, quand quelqu&rsquo;un a besoin d&rsquo;aide, quand une situation risque de se d\u00e9grader si personne n&rsquo;intervient.<\/p>\n<p>On apprend aux gar\u00e7ons \u00e0 agir quand on leur demande d&rsquo;agir. \u00c0 accomplir des t\u00e2ches d\u00e9finies. \u00c0 r\u00e9pondre aux sollicitations. Mais pas n\u00e9cessairement \u00e0 anticiper, \u00e0 surveiller, \u00e0 garder en t\u00eate l&rsquo;\u00e9tat du syst\u00e8me dans sa globalit\u00e9.<\/p>\n<p>Ce n&rsquo;est pas une critique. C&rsquo;est une observation. Ces apprentissages se font souvent sans intention consciente, par imitation, par les attentes implicites qu&rsquo;on pose sur les enfants selon leur genre.<\/p>\n<p>Et ces apprentissages laissent des traces profondes dans l&rsquo;\u00e2ge adulte.<\/p>\n<p>Une petite sc\u00e8ne que beaucoup reconna\u00eetront.<\/p>\n<p>Un dimanche matin. La famille se pr\u00e9pare pour aller chez les grands-parents. Le p\u00e8re dit aux enfants : \u00ab\u00a0Allez, on y va !\u00a0\u00bb La m\u00e8re, elle, pense \u00e0 autre chose depuis la veille. Elle a v\u00e9rifi\u00e9 si les enfants avaient des v\u00eatements propres. Elle a gliss\u00e9 des go\u00fbters dans le sac. Elle a pens\u00e9 \u00e0 appeler pour demander si la grand-m\u00e8re avait besoin de quelque chose. Elle a pr\u00e9vu un cadeau.<\/p>\n<p>Le p\u00e8re n&rsquo;a pas fait tout \u00e7a. Pas parce qu&rsquo;il est n\u00e9gligent. Parce que dans son \u00e9ducation, quelqu&rsquo;un s&rsquo;en occuperait. Et quelqu&rsquo;un s&rsquo;en est occup\u00e9.<\/p>\n<p>La petite fille qui a grandi en observant sa m\u00e8re g\u00e9rer le foyer dans ses moindres d\u00e9tails a int\u00e9gr\u00e9 que c&rsquo;est ainsi que les choses fonctionnent. L&rsquo;homme qui a grandi en voyant sa m\u00e8re s&rsquo;occuper de tout a souvent int\u00e9gr\u00e9, sans le formuler, que quelqu&rsquo;un s&rsquo;en occupera.<\/p>\n<h2>La sc\u00e8ne du d\u00eener<\/h2>\n<p>Je veux vous donner un deuxi\u00e8me exemple qui parle \u00e0 tout le monde.<\/p>\n<p>Il est 19h. Aminata rentre du bureau apr\u00e8s une journ\u00e9e charg\u00e9e. Son mari Olivier est d\u00e9j\u00e0 \u00e0 la maison depuis une heure. Les enfants jouent dans leur chambre. Personne n&rsquo;a commenc\u00e9 le d\u00eener.<\/p>\n<p>Personne n&rsquo;a d\u00e9cid\u00e9 que ce serait \u00e0 Aminata de s&rsquo;en occuper. Mais quand elle franchit la porte, elle voit la cuisine vide et sait que c&rsquo;est \u00e0 elle d&rsquo;agir. Pas parce qu&rsquo;Olivier est mauvais. Pas parce qu&rsquo;il ne veut pas aider. Mais parce que dans son cerveau \u00e0 lui, le d\u00eener n&rsquo;est pas encore un probl\u00e8me. Dans le sien, il l&rsquo;est depuis 17h.<\/p>\n<p>Cette asym\u00e9trie, ce n&rsquo;est pas de la mauvaise volont\u00e9. C&rsquo;est de la socialisation.<\/p>\n<p>Et c&rsquo;est pr\u00e9cis\u00e9ment pourquoi la charge mentale est f\u00e9minine dans notre soci\u00e9t\u00e9. Pas par nature. Par construction.<\/p>\n<h2>Ce que l&rsquo;\u00e9ducation peut changer<\/h2>\n<p>C&rsquo;est ma partie pr\u00e9f\u00e9r\u00e9e. Parce que c&rsquo;est l\u00e0 que r\u00e9side l&rsquo;espoir.<\/p>\n<p>Si la charge mentale est le produit d&rsquo;une \u00e9ducation, elle peut \u00eatre transform\u00e9e par une \u00e9ducation diff\u00e9rente.<\/p>\n<p>Concr\u00e8tement, cela signifie apprendre aux gar\u00e7ons, d\u00e8s le plus jeune \u00e2ge, \u00e0 remarquer. \u00c0 voir quand il manque du papier toilette. \u00c0 penser \u00e0 l&rsquo;anniversaire de leur grand-m\u00e8re sans qu&rsquo;on le leur rappelle. \u00c0 anticiper les besoins des autres. \u00c0 \u00eatre, comme leurs soeurs, des gestionnaires du quotidien.<\/p>\n<p>Ce n&rsquo;est pas leur enlever quelque chose. C&rsquo;est leur donner quelque chose qu&rsquo;on ne leur a pas assez donn\u00e9 : la capacit\u00e9 \u00e0 prendre soin.<\/p>\n<p>Et apprendre aux filles qu&rsquo;elles n&rsquo;ont pas \u00e0 tout g\u00e9rer. Qu&rsquo;elles ont le droit de ne pas savoir o\u00f9 est le sparadrap. Que d\u00e9l\u00e9guer ne signifie pas abandonner.<\/p>\n<p>Ces apprentissages se font \u00e0 la maison, au quotidien. Dans les petites choses. Quand on demande au fils d&rsquo;organiser le repas du lendemain, pas seulement de mettre la table. Quand on laisse la fille jouer sans l&rsquo;interrompre pour aider, au lieu de toujours interrompre le fils pour le faire participer.<\/p>\n<p>Un exemple tout b\u00eate. Quand un enfant, d&rsquo;un certain \u00e2ge, dit \u00ab\u00a0j&rsquo;ai faim\u00a0\u00bb, quelle est votre r\u00e9action instinctive selon que c&rsquo;est votre fils ou votre fille ?<\/p>\n<p>Avec le fils : on lui pr\u00e9pare quelque chose.<br \/>\nAvec la fille : on lui dit d&rsquo;aller voir ce qu&rsquo;il y a dans le frigo.<\/p>\n<p>Si vous avez un r\u00e9flexe diff\u00e9rent, c&rsquo;est tr\u00e8s bien. Sinon, ce r\u00e9flexe, souvent inconscient, dit quelque chose de profond sur ce qu&rsquo;on attend de chacun.<\/p>\n<p>Ce sont des gestes simples. Mais ils construisent des adultes diff\u00e9rents<\/p>\n<h2>Alors, f\u00e9minine ou pas ?<\/h2>\n<p>La charge mentale n&rsquo;est pas f\u00e9minine par nature.<\/p>\n<p>Elle est f\u00e9minine par construction sociale. Par des si\u00e8cles d&rsquo;assignation des femmes \u00e0 la responsabilit\u00e9 du foyer. Par une \u00e9ducation qui pr\u00e9pare les filles \u00e0 g\u00e9rer et les gar\u00e7ons \u00e0 \u00eatre g\u00e9r\u00e9s. Par des normes implicites qui persistent m\u00eame dans les couples les plus modernes et les plus \u00e9galitaires en apparence.<\/p>\n<p>Est-elle exclusivement f\u00e9minine ? Non. Elle peut \u00eatre port\u00e9e par n&rsquo;importe qui. Et dans les foyers o\u00f9 les deux partenaires ont grandi autrement, elle se r\u00e9partit diff\u00e9remment.<\/p>\n<p>Mais dans la r\u00e9alit\u00e9 de l&rsquo;immense majorit\u00e9 des foyers, aujourd&rsquo;hui, en France, en Afrique, partout dans le monde, c&rsquo;est une femme qui est le gestionnaire mental du foyer. SeulE.<\/p>\n<p>Et tant qu&rsquo;on n&rsquo;aura pas chang\u00e9 ce qu&rsquo;on apprend aux enfants sur qui doit penser \u00e0 quoi, cette r\u00e9alit\u00e9 changera tr\u00e8s lentement.<\/p>\n<p>C&rsquo;est pour \u00e7a que l&rsquo;\u00e9ducation est le levier le plus puissant. Pas les lois. Pas les politiques d&rsquo;entreprise. Pas les discours sur l&rsquo;\u00e9galit\u00e9.<\/p>\n<p>Ce qu&rsquo;on apprend \u00e0 un enfant de 6 ans sur qui doit penser au repas du soir, c&rsquo;est ce qu&rsquo;il reproduira \u00e0 35 ans dans son couple.<\/p>\n<p>Commen\u00e7ons l\u00e0.<\/p>","protected":false},"excerpt":{"rendered":"<p>La charge mentale est-elle exclusivement f\u00e9minine ?<\/p>\n<p>C&rsquo;est la question que beaucoup se posent. Et c&rsquo;est la bonne question.<\/p>\n<p>Avant d&rsquo;y r\u00e9pondre, il faut d&rsquo;abord comprendre ce dont on parle. Parce que la charge mentale est l&rsquo;un de ces concepts dont tout le monde a entendu parler, mais que peu de gens ont vraiment d\u00e9fini.<\/p>\n<p>Commen\u00e7ons donc par le commencement.<\/p>","protected":false},"author":1,"featured_media":260,"comment_status":"closed","ping_status":"closed","sticky":false,"template":"","format":"standard","meta":{"footnotes":""},"categories":[7],"tags":[],"class_list":["post-253","post","type-post","status-publish","format-standard","has-post-thumbnail","hentry","category-leadership-feminin"],"_links":{"self":[{"href":"https:\/\/mabiala.com\/en\/wp-json\/wp\/v2\/posts\/253","targetHints":{"allow":["GET"]}}],"collection":[{"href":"https:\/\/mabiala.com\/en\/wp-json\/wp\/v2\/posts"}],"about":[{"href":"https:\/\/mabiala.com\/en\/wp-json\/wp\/v2\/types\/post"}],"author":[{"embeddable":true,"href":"https:\/\/mabiala.com\/en\/wp-json\/wp\/v2\/users\/1"}],"replies":[{"embeddable":true,"href":"https:\/\/mabiala.com\/en\/wp-json\/wp\/v2\/comments?post=253"}],"version-history":[{"count":14,"href":"https:\/\/mabiala.com\/en\/wp-json\/wp\/v2\/posts\/253\/revisions"}],"predecessor-version":[{"id":271,"href":"https:\/\/mabiala.com\/en\/wp-json\/wp\/v2\/posts\/253\/revisions\/271"}],"wp:featuredmedia":[{"embeddable":true,"href":"https:\/\/mabiala.com\/en\/wp-json\/wp\/v2\/media\/260"}],"wp:attachment":[{"href":"https:\/\/mabiala.com\/en\/wp-json\/wp\/v2\/media?parent=253"}],"wp:term":[{"taxonomy":"category","embeddable":true,"href":"https:\/\/mabiala.com\/en\/wp-json\/wp\/v2\/categories?post=253"},{"taxonomy":"post_tag","embeddable":true,"href":"https:\/\/mabiala.com\/en\/wp-json\/wp\/v2\/tags?post=253"}],"curies":[{"name":"wp","href":"https:\/\/api.w.org\/{rel}","templated":true}]}}